[{"@context":"https:\/\/schema.org\/","@type":"Article","@id":"https:\/\/www.emde.cz\/dnes-uz-nemusite-farat-do-dolu\/#Article","mainEntityOfPage":"https:\/\/www.emde.cz\/dnes-uz-nemusite-farat-do-dolu\/","headline":"Dnes u\u017e nemus\u00edte \u201ef\u00e1rat\u201c do dol\u016f","name":"Dnes u\u017e nemus\u00edte \u201ef\u00e1rat\u201c do dol\u016f","description":"Pokud cht\u011bl \u010dlov\u011bk v minulosti zbohatnout, bylo toto \u00fasil\u00ed v\u011bt\u0161inou spojeno s t\u011b\u017ekou a nam\u00e1havou prac\u00ed, kter\u00e1 se odehr\u00e1vala zejm\u00e9na v dolech, do kter\u00fdch museli horn\u00edci (t\u011b\u017ea\u0159i) tak zvan\u011b \u201ef\u00e1rat\u201c. Dnes v\u0161ak je mo\u017en\u00e9 zbohatnout i tehdy, kdy\u017e jen doslova a do p\u00edsmene sed\u00edte p\u0159ed sv\u00fdm po\u010d\u00edta\u010dem, kter\u00fd pracuje za V\u00e1s. Pokud m\u00e1te na tomto [&hellip;]","datePublished":"2025-08-31","dateModified":"2025-08-31","author":{"@type":"Person","@id":"https:\/\/www.emde.cz\/author\/#Person","name":"","url":"https:\/\/www.emde.cz\/author\/","identifier":1,"image":{"@type":"ImageObject","@id":"https:\/\/secure.gravatar.com\/avatar\/f14f9548cfce1bfc4b3267434069a757db9568e455121a8852ede019c83b3b5e?s=96&d=mm&r=g","url":"https:\/\/secure.gravatar.com\/avatar\/f14f9548cfce1bfc4b3267434069a757db9568e455121a8852ede019c83b3b5e?s=96&d=mm&r=g","height":96,"width":96}},"publisher":{"@type":"Organization","name":"emde.cz","logo":{"@type":"ImageObject","@id":"\/logo.png","url":"\/logo.png","width":600,"height":60}},"url":"https:\/\/www.emde.cz\/dnes-uz-nemusite-farat-do-dolu\/","wordCount":201,"articleBody":"Pokud cht\u011bl \u010dlov\u011bk v minulosti zbohatnout, bylo toto \u00fasil\u00ed v\u011bt\u0161inou spojeno s t\u011b\u017ekou a nam\u00e1havou prac\u00ed, kter\u00e1 se odehr\u00e1vala zejm\u00e9na v dolech, do kter\u00fdch museli horn\u00edci (t\u011b\u017ea\u0159i) tak zvan\u011b \u201ef\u00e1rat\u201c. Dnes v\u0161ak je mo\u017en\u00e9 zbohatnout i tehdy, kdy\u017e jen doslova a do p\u00edsmene sed\u00edte p\u0159ed sv\u00fdm po\u010d\u00edta\u010dem, kter\u00fd pracuje za V\u00e1s. Pokud m\u00e1te na tomto po\u010d\u00edta\u010di p\u0159ipojen\u00fd tak zvan\u00fd bitcoin miner, pak ten za V\u00e1s bude t\u011b\u017eit novodobou m\u011bnu, kter\u00e1 pravd\u011bpodobn\u011b v budoucnosti nahrad\u00ed klasick\u00e9 pen\u00edze. Pr\u00e1ci odvede V\u00e1\u0161 po\u010d\u00edta\u010d Sou\u010dasn\u00e1 modern\u00ed technika pracuje za V\u00e1s, a proto bitcoin miner m\u016f\u017ee t\u011b\u017eit Va\u0161e nov\u00e9 virtu\u00e1ln\u00ed pen\u00edze, se kter\u00fdmi v\u0161ak m\u016f\u017eete platit za skute\u010dn\u00e9 zbo\u017e\u00ed a slu\u017eby, i v moment\u011b, kdy se v\u011bnujete jin\u00e9 pr\u00e1ci na sv\u00e9m po\u010d\u00edta\u010di. Bl\u00ed\u017ee se s v\u00fdhodami tohoto \u201et\u011b\u017eebn\u00edho\u201c syst\u00e9mu a za\u0159\u00edzen\u00ed m\u016f\u017eete sezn\u00e1mit na na\u0161ich str\u00e1nk\u00e1ch, na kter\u00fdch si jej m\u016f\u017eete i koupit.                                                                                                                                                                                                                                                                                                                                                                                                "},{"@context":"https:\/\/schema.org\/","@type":"BreadcrumbList","itemListElement":[{"@type":"ListItem","position":1,"name":"Dnes u\u017e nemus\u00edte \u201ef\u00e1rat\u201c do dol\u016f","item":"https:\/\/www.emde.cz\/dnes-uz-nemusite-farat-do-dolu\/#breadcrumbitem"}]}]