[{"@context":"https:\/\/schema.org\/","@type":"Article","@id":"https:\/\/www.emde.cz\/kdo-je-nejvetsim-producentem-sklenikovych-plynu\/#Article","mainEntityOfPage":"https:\/\/www.emde.cz\/kdo-je-nejvetsim-producentem-sklenikovych-plynu\/","headline":"Kdo je nejv\u011bt\u0161\u00edm producentem sklen\u00edkov\u00fdch plyn\u016f","name":"Kdo je nejv\u011bt\u0161\u00edm producentem sklen\u00edkov\u00fdch plyn\u016f","description":"Je jasn\u00e9, \u017ee glob\u00e1ln\u00ed zm\u011bny klimatu jsou probl\u00e9mem, kter\u00fd je pot\u0159eba co nejd\u0159\u00edve \u0159e\u0161it. A je pravdou, \u017ee se o to ji\u017e pokou\u0161\u00edme, a to mnoha nejr\u016fzn\u011bj\u0161\u00edmi zp\u016fsoby. Ov\u0161em abychom to dok\u00e1zali, mus\u00edme se nejprve pod\u00edvat, kdo je za n\u011b v\u00a0sou\u010dasnosti nejv\u00edce zodpov\u011bdn\u00fd. \u00a0 Nejnov\u011bj\u0161\u00ed v\u00fdzkumy ukazuj\u00ed, \u017ee se jedn\u00e1 p\u0159edev\u0161\u00edm o sklen\u00edkov\u00e9 plyny, kter\u00e9 [&hellip;]","datePublished":"2024-09-24","dateModified":"2024-09-24","author":{"@type":"Person","@id":"https:\/\/www.emde.cz\/author\/#Person","name":"","url":"https:\/\/www.emde.cz\/author\/","identifier":1,"image":{"@type":"ImageObject","@id":"https:\/\/secure.gravatar.com\/avatar\/f14f9548cfce1bfc4b3267434069a757db9568e455121a8852ede019c83b3b5e?s=96&d=mm&r=g","url":"https:\/\/secure.gravatar.com\/avatar\/f14f9548cfce1bfc4b3267434069a757db9568e455121a8852ede019c83b3b5e?s=96&d=mm&r=g","height":96,"width":96}},"publisher":{"@type":"Organization","name":"emde.cz","logo":{"@type":"ImageObject","@id":"\/logo.png","url":"\/logo.png","width":600,"height":60}},"image":{"@type":"ImageObject","@id":"https:\/\/www.emde.cz\/wp-content\/uploads\/globotep3_10_1.jpg","url":"https:\/\/www.emde.cz\/wp-content\/uploads\/globotep3_10_1.jpg","height":0,"width":0},"url":"https:\/\/www.emde.cz\/kdo-je-nejvetsim-producentem-sklenikovych-plynu\/","about":["V\u011bda"],"wordCount":437,"articleBody":"Je jasn\u00e9, \u017ee glob\u00e1ln\u00ed zm\u011bny klimatu jsou probl\u00e9mem, kter\u00fd je pot\u0159eba co nejd\u0159\u00edve \u0159e\u0161it. A je pravdou, \u017ee se o to ji\u017e pokou\u0161\u00edme, a to mnoha nejr\u016fzn\u011bj\u0161\u00edmi zp\u016fsoby. Ov\u0161em abychom to dok\u00e1zali, mus\u00edme se nejprve pod\u00edvat, kdo je za n\u011b v\u00a0sou\u010dasnosti nejv\u00edce zodpov\u011bdn\u00fd.\u00a0Nejnov\u011bj\u0161\u00ed v\u00fdzkumy ukazuj\u00ed, \u017ee se jedn\u00e1 p\u0159edev\u0161\u00edm o sklen\u00edkov\u00e9 plyny, kter\u00e9 jsou hlavn\u00edm probl\u00e9mem, p\u0159edev\u0161\u00edm pak oxid uhli\u010dit\u00fd. Jeliko\u017e ten v\u00a0atmosf\u00e9\u0159e vydr\u017e\u00ed velmi dlouho, tak se postupn\u011b kumuluje a jeho mno\u017estv\u00ed se st\u00e1le zvy\u0161uje. A t\u00edm se prohlubuj\u00ed i ji\u017e v\u00fd\u0161e zm\u00edn\u011bn\u00e9 klimatick\u00e9 zm\u011bny. Proto je vhodn\u00e9 se pod\u00edvat, kdo jich produkuje nejv\u00edce.\u00a0\u00a0Samoz\u0159ejm\u011b by se nejprve cht\u011blo uk\u00e1zat na velk\u00e9 zne\u010di\u0161\u0165ovatele, jako jsou nejr\u016fzn\u011bj\u0161\u00ed tov\u00e1rny a v\u00fdrobny. Av\u0161ak a\u010dkoliv je pravdou, \u017ee tyto provozy jedou v\u00a0podstat\u011b neust\u00e1le, faktem je, \u017ee tolik odpadn\u00edch plyn\u016f neprodukuj\u00ed. To je zaji\u0161\u0165ov\u00e1no nejr\u016fzn\u011bj\u0161\u00edmi za\u0159\u00edzen\u00edmi, jako jsou nap\u0159\u00edklad filtry, odsi\u0159ova\u010de a dal\u0161\u00ed. Proto se v\u00a0posledn\u00edch dvou desetilet\u00edch mno\u017estv\u00ed vyprodukovan\u00fdch sklen\u00edkov\u00fdch plyn\u016f zna\u010dn\u011b sn\u00ed\u017eilo.\u00a0Co je v\u0161ak v\u011bt\u0161\u00edm probl\u00e9mem, jsou automobily. A\u010dkoliv si to mnoho z\u00a0n\u00e1s neuv\u011bdomuje, v\u00fdfukov\u00e9 plyny tak\u00e9 obsahuj\u00ed mnoho \u0161kodliv\u00fdch l\u00e1tek. Ano, ty s\u00a0nejvy\u0161\u0161\u00ed emisn\u00ed t\u0159\u00eddou jsou ji\u017e t\u00e9m\u011b\u0159 ne\u0161kodn\u00e9, av\u0161ak tolik jich ani zdaleka po na\u0161ich cest\u00e1ch nejezd\u00ed. V\u011bt\u0161ina z\u00a0n\u00e1s v\u0161ak jezd\u00ed star\u0161\u00edmi vozidly, kter\u00e1 nav\u00edc ani mnohdy nejsou v\u00a0nejlep\u0161\u00edm technick\u00e9m stavu.\u00a0\u00a0Ano, m\u016f\u017eeme nam\u00edtnout, \u017ee jedno auto toho tolik nevyprodukuje, av\u0161ak je nutn\u00e9 si uv\u011bdomit, kolik jich jezd\u00ed i po na\u0161ich silnic\u00edch. A nyn\u00ed si uv\u011bdomme, kolik jich jezd\u00ed po cel\u00e9m sv\u011bt\u011b, p\u0159i\u010dem\u017e mnoh\u00e9 zem\u011b maj\u00ed mnohem laxn\u011bj\u0161\u00ed z\u00e1kony, co se t\u00fd\u010de technick\u00e9ho stavu, ne\u017e Evropsk\u00e1 Unie, a uv\u011bdom\u00edme si, \u017ee p\u0159isp\u00edvaj\u00ed zna\u010dn\u00fdm zp\u016fsobem ke zne\u010di\u0161\u0165ov\u00e1n\u00ed.\u00a0Bohu\u017eel, v\u00a0sou\u010dasn\u00e9 dob\u011b toho nen\u00ed p\u0159\u00edli\u0161, co bychom s\u00a0t\u00edm mohli d\u011blat. Jist\u011b, m\u00e1me st\u00e1le p\u0159\u00edsn\u011bj\u0161\u00ed opat\u0159en\u00ed, av\u0161ak ta jsou jen lok\u00e1ln\u00ed, a tak nemaj\u00ed takov\u00fd vliv, jak by bylo pot\u0159eba. A to je velk\u00e1 \u0161koda.                                                                                                                                                                                                                                                                                                                                                                                        4.7\/5 - (6 votes)        "},{"@context":"https:\/\/schema.org\/","@type":"BreadcrumbList","itemListElement":[{"@type":"ListItem","position":1,"name":"Kdo je nejv\u011bt\u0161\u00edm producentem sklen\u00edkov\u00fdch plyn\u016f","item":"https:\/\/www.emde.cz\/kdo-je-nejvetsim-producentem-sklenikovych-plynu\/#breadcrumbitem"}]}]