[{"@context":"https:\/\/schema.org\/","@type":"Article","@id":"https:\/\/www.emde.cz\/kdy-je-na-case-obnovit-fasadu-domu\/#Article","mainEntityOfPage":"https:\/\/www.emde.cz\/kdy-je-na-case-obnovit-fasadu-domu\/","headline":"Kdy je na \u010dase obnovit fas\u00e1du domu","name":"Kdy je na \u010dase obnovit fas\u00e1du domu","description":"Fas\u00e1da je jednou z\u00a0d\u016fle\u017eit\u00fdch sou\u010d\u00e1st\u00ed domu. Dokonce je d\u016fle\u017eit\u011bj\u0161\u00ed, ne\u017e si mnoz\u00ed lid\u00e9 mysl\u00ed, nebo\u0165 pr\u00e1v\u011b ji vid\u00ed ostatn\u00ed, kdy\u017e kolem n\u011bj proch\u00e1z\u00ed. P\u0159edstavuje tak\u00e9 v\u00a0podstat\u011b prvn\u00ed obrannou linii p\u0159ed nep\u0159\u00edzn\u00ed po\u010das\u00ed, vedrem \u010di mrazem. Je tedy jasn\u00e9, \u017ee bychom se o ni m\u011bli podle toho tak\u00e9 starat. Bohu\u017eel, valn\u00e1 \u010d\u00e1st lid\u00ed pr\u00e1v\u011b tento aspekt [&hellip;]","datePublished":"2023-06-20","dateModified":"2024-05-20","author":{"@type":"Person","@id":"https:\/\/www.emde.cz\/author\/#Person","name":"","url":"https:\/\/www.emde.cz\/author\/","identifier":1,"image":{"@type":"ImageObject","@id":"https:\/\/secure.gravatar.com\/avatar\/f14f9548cfce1bfc4b3267434069a757db9568e455121a8852ede019c83b3b5e?s=96&d=mm&r=g","url":"https:\/\/secure.gravatar.com\/avatar\/f14f9548cfce1bfc4b3267434069a757db9568e455121a8852ede019c83b3b5e?s=96&d=mm&r=g","height":96,"width":96}},"publisher":{"@type":"Organization","name":"emde.cz","logo":{"@type":"ImageObject","@id":"\/logo.png","url":"\/logo.png","width":600,"height":60}},"image":{"@type":"ImageObject","@id":"https:\/\/www.emde.cz\/wp-content\/uploads\/fasada1_1.jpg","url":"https:\/\/www.emde.cz\/wp-content\/uploads\/fasada1_1.jpg","height":0,"width":0},"url":"https:\/\/www.emde.cz\/kdy-je-na-case-obnovit-fasadu-domu\/","about":["D\u016fm a byt"],"wordCount":432,"articleBody":"Fas\u00e1da je jednou z\u00a0d\u016fle\u017eit\u00fdch sou\u010d\u00e1st\u00ed domu. Dokonce je d\u016fle\u017eit\u011bj\u0161\u00ed, ne\u017e si mnoz\u00ed lid\u00e9 mysl\u00ed, nebo\u0165 pr\u00e1v\u011b ji vid\u00ed ostatn\u00ed, kdy\u017e kolem n\u011bj proch\u00e1z\u00ed. P\u0159edstavuje tak\u00e9 v\u00a0podstat\u011b prvn\u00ed obrannou linii p\u0159ed nep\u0159\u00edzn\u00ed po\u010das\u00ed, vedrem \u010di mrazem. Je tedy jasn\u00e9, \u017ee bychom se o ni m\u011bli podle toho tak\u00e9 starat. Bohu\u017eel, valn\u00e1 \u010d\u00e1st lid\u00ed pr\u00e1v\u011b tento aspekt p\u00e9\u010de o d\u016fm zanedb\u00e1v\u00e1.\u00a0\u00a0T\u00edm z\u00e1kladn\u00edm, co bychom m\u011bli d\u011blat, je jej\u00ed pravideln\u00e1 obnova. To jednodu\u0161e znamen\u00e1, \u017ee je nutn\u00e9 d\u016fm p\u0159inejmen\u0161\u00edm znovu nat\u0159\u00edt. B\u011bhem toho se tak\u00e9 oprav\u00ed nejr\u016fzn\u011bj\u0161\u00ed drobn\u00e9 nedostatky, jako jsou praskliny \u010di t\u0159eba odloupnut\u00ed rohu. Nesm\u00edme toti\u017e zapom\u00ednat, \u017ee pr\u00e1v\u011b fas\u00e1da je vystavena po celou dobu p\u016fsoben\u00ed v\u0161eho, co na ni m\u016f\u017ee p\u0159\u00edroda pou\u017e\u00edt. P\u00e9\u010di si tedy rozhodn\u011b zaslou\u017e\u00ed. Probl\u00e9m je naj\u00edt spr\u00e1vn\u00fd okam\u017eik, kdy u\u017e je vhodn\u00e9 p\u0159istoupit k\u00a0oprav\u011b. Na\u0161t\u011bst\u00ed existuj\u00ed ur\u010dit\u00e9 zn\u00e1mky, na kter\u00e9 se m\u016f\u017eeme zam\u011b\u0159it.\u00a0V\u00a0prvn\u00ed \u0159ad\u011b je to samoz\u0159ejm\u011b celkov\u00fd vzhled. Ten by m\u011bl b\u00fdt jasn\u00fd a neporu\u0161en\u00fd, bez zn\u00e1mek opr\u00fdsk\u00e1n\u00ed \u010di dokonce prasklin. Pr\u00e1v\u011b ty p\u0159edstavuj\u00ed nejv\u011bt\u0161\u00ed probl\u00e9m, nebo\u0165 jimi se dovnit\u0159 m\u016f\u017ee dostat nap\u0159\u00edklad d\u00e9\u0161\u0165 \u010di mr\u00e1z, nehled\u011b na to, \u017ee p\u0159edstavuj\u00ed tak\u00e9 vstupn\u00ed br\u00e1nu pro nejr\u016fzn\u011bj\u0161\u00ed hmyz, kter\u00fd doma samoz\u0159ejm\u011b nechceme.\u00a0\u00a0Pokud m\u00e1me fas\u00e1du namalovanou speci\u00e1ln\u00edm zp\u016fsobem, je tak\u00e9 nutn\u00e9 se d\u00edvat, zda je ona malba neporu\u0161ena. I v\u00a0takov\u00e9m p\u0159\u00edpad\u011b je nutn\u00e9 ji opravit, stejn\u011b jako tehdy, pokud je d\u016fm nap\u0159\u00edklad post\u0159\u00edk\u00e1n graffiti \u010di na spodu z\u010dernal\u00fd od kou\u0159e z\u00a0v\u00fdfukov\u00fdch plyn\u016f. Ani jedno toti\u017e nep\u016fsob\u00ed dob\u0159e a ukazuje n\u00e1m je, \u017ee o n\u011bj majitel p\u0159\u00edli\u0161 nepe\u010duje.\u00a0Je jasn\u00e9, \u017ee lh\u016fta, ve kter\u00e9 je nutn\u00e9 fas\u00e1du malovat, nen\u00ed pro v\u0161echny domy stejn\u00e1. Ka\u017ed\u00fd z\u00a0nich je vystaven trochu jin\u00fdm podm\u00ednk\u00e1m a p\u016fsob\u00ed na n\u011bj jin\u00e9 vlivy. Nelze p\u0159\u00edli\u0161 dob\u0159e srovn\u00e1vat t\u0159eba horskou chatu v\u00a0Krkono\u0161\u00edch s\u00a0domem v\u00a0centru Prahy. Proto je na ka\u017ed\u00e9m majiteli, aby toto v\u0161e zv\u00e1\u017eil a s\u00e1m na\u0161el vhodn\u00fd interval. Domu to toti\u017e jen prosp\u011bje.                                                                                                                                                                                                                                                                                                                                                                                        4.7\/5 - (8 votes)        "},{"@context":"https:\/\/schema.org\/","@type":"BreadcrumbList","itemListElement":[{"@type":"ListItem","position":1,"name":"Kdy je na \u010dase obnovit fas\u00e1du domu","item":"https:\/\/www.emde.cz\/kdy-je-na-case-obnovit-fasadu-domu\/#breadcrumbitem"}]}]