[{"@context":"https:\/\/schema.org\/","@type":"Article","@id":"https:\/\/www.emde.cz\/my-a-svet\/#Article","mainEntityOfPage":"https:\/\/www.emde.cz\/my-a-svet\/","headline":"My a sv\u011bt","name":"My a sv\u011bt","description":"Hrn\u00ed\u010dky, kter\u00e9 b\u011b\u017en\u011b nach\u00e1z\u00edme ve sk\u0159\u00ednk\u00e1ch ka\u017ed\u00e9 kuchyn\u011b, m\u016f\u017eeme pova\u017eovat nejen za b\u011b\u017en\u00e9 n\u00e1dob\u00ed, ale vlastn\u011b tak\u00e9 v jist\u00e9m smyslu za symbol dne\u0161n\u00ed doby. Jak\u00e1 je vlastn\u011b dne\u0161n\u00ed doba? Jak\u00e9 jsou jej\u00ed z\u00e1kladn\u00ed charakteristiky? Snad v\u0161ichni budou souhlasit, \u017ee je dnes v\u0161e usp\u011bchan\u00e9. Je to zvl\u00e1\u0161tn\u00ed, vytv\u00e1\u0159\u00edme ta nejrychlej\u0161\u00ed auta a l\u00e9t\u00e1me nejrychlej\u0161\u00edmi letadly, a [&hellip;]","datePublished":"2023-01-10","dateModified":"2023-01-10","author":{"@type":"Person","@id":"https:\/\/www.emde.cz\/author\/#Person","name":"","url":"https:\/\/www.emde.cz\/author\/","identifier":1,"image":{"@type":"ImageObject","@id":"https:\/\/secure.gravatar.com\/avatar\/f14f9548cfce1bfc4b3267434069a757db9568e455121a8852ede019c83b3b5e?s=96&d=mm&r=g","url":"https:\/\/secure.gravatar.com\/avatar\/f14f9548cfce1bfc4b3267434069a757db9568e455121a8852ede019c83b3b5e?s=96&d=mm&r=g","height":96,"width":96}},"publisher":{"@type":"Organization","name":"emde.cz","logo":{"@type":"ImageObject","@id":"\/logo.png","url":"\/logo.png","width":600,"height":60}},"image":{"@type":"ImageObject","@id":"https:\/\/www.emde.cz\/wp-content\/uploads\/hands-gbf821d668_640_1.jpg","url":"https:\/\/www.emde.cz\/wp-content\/uploads\/hands-gbf821d668_640_1.jpg","height":0,"width":0},"url":"https:\/\/www.emde.cz\/my-a-svet\/","about":["V\u00fdrobky"],"wordCount":436,"articleBody":"   Hrn\u00ed\u010dky, kter\u00e9 b\u011b\u017en\u011b nach\u00e1z\u00edme ve sk\u0159\u00ednk\u00e1ch ka\u017ed\u00e9 kuchyn\u011b, m\u016f\u017eeme pova\u017eovat nejen za b\u011b\u017en\u00e9 n\u00e1dob\u00ed, ale vlastn\u011b tak\u00e9 v jist\u00e9m smyslu za symbol dne\u0161n\u00ed doby. Jak\u00e1 je vlastn\u011b dne\u0161n\u00ed doba? Jak\u00e9 jsou jej\u00ed z\u00e1kladn\u00ed charakteristiky? Snad v\u0161ichni budou souhlasit, \u017ee je dnes v\u0161e usp\u011bchan\u00e9. Je to zvl\u00e1\u0161tn\u00ed, vytv\u00e1\u0159\u00edme ta nejrychlej\u0161\u00ed auta a l\u00e9t\u00e1me nejrychlej\u0161\u00edmi letadly, a stejn\u011b m\u00e1me dojem, \u017ee n\u00e1m n\u011bkde n\u011bco unik\u00e1, \u017ee n\u011bco nest\u00edh\u00e1me. \u017de by tedy to, co v \u017eivot\u011b pot\u0159ebujeme stihnout nebylo z\u00e1visl\u00e9 na rychlosti? To je ot\u00e1zka, kter\u00e1 m\u00e1 pom\u011brn\u011b komplikovanou odpov\u011b\u010f a vlastn\u011b si na ni ka\u017ed\u00fd mus\u00ed um\u011bt odpov\u011bd\u011bt s\u00e1m. D\u00e1le je dne\u0161n\u00ed doba p\u0159epln\u011bn\u00e1 v\u011bcmi. \u017dijeme v blahobytu, kter\u00fd si \u017e\u00e1dn\u00e1 populace p\u0159ed n\u00e1mi ani neum\u011bla p\u0159edstavit. N\u011bkte\u0159\u00ed lid\u00e9 ji\u017e ani nev\u00ed, za co by m\u011bli sv\u00e9 pen\u00edze utr\u00e1cet, a p\u0159esto plno lid\u00ed \u017eije v chudob\u011b a nedostatku. Jak je mo\u017en\u00e9, \u017ee jsou soci\u00e1ln\u00ed n\u016f\u017eky takto rozev\u0159eny, \u017ee by n\u011bkdo za sv\u00e9 pen\u00edze mohl nakrmit celou planetu a jin\u00fd nem\u00e1 ani na jedno tepl\u00e9 j\u00eddlo denn\u011b? Dne\u0161n\u00ed doba hl\u00e1s\u00e1, \u017ee je pro v\u0161echny tolerantn\u00ed a \u017ee ka\u017ed\u00fd m\u016f\u017ee d\u011blat a b\u00fdt, \u010d\u00edm chce. P\u0159esto ale \u017eijeme pod neust\u00e1l\u00fdm tlakem ze strany okol\u00ed a m\u00e1me pocit, \u017ee se v\u016f\u010di n\u011bmu mus\u00edme ur\u010dit\u00fdm zp\u016fsobem vymezovat. D\u00edky vymo\u017eenostem dne\u0161n\u00ed doby se m\u016f\u017eeme pod\u00edvat b\u011bhem p\u00e1r hodin a\u017e na opa\u010dn\u00fd konec zem\u011bkoule, ale p\u0159esto um\u00edr\u00e1me s pocitem, \u017ee to, jak jsme naplnili sv\u016fj \u017eivot nen\u00ed dostate\u010dn\u00e9. A jak se s t\u00edmto v\u0161\u00edm poj\u00ed hrn\u00ed\u010dek? M\u016f\u017eeme zde vid\u011bt hned n\u011bkolik metafor. Za prv\u00e9, d\u0159\u00edve byli hrnky podle tvrd\u00fdch pravidel my\u0161leny pro pit\u00ed n\u00e1poj\u016f, dnes si v nich lid\u00e9 mohu d\u011blat i sv\u00e9 rychl\u00e9 a usp\u011bchan\u00e9 t\u011bstoviny se s\u00fdrem z mikrovlnn\u00e9 trouby. A a\u010dkoli zn\u00e1me hrnky na kapu\u010d\u00edno, hrnky na latt\u00e9, hlin\u011bn\u00e9 hrnky a hrnky s glazurou, st\u00e1le se jedn\u00e1 o ten star\u00fd dobr\u00fd hrn\u00ed\u010dek s ou\u0161kem. My jsme tak\u00e9 ka\u017ed\u00fd jin\u00fd a slou\u017e\u00edme k r\u016fzn\u00fdm \u00fa\u010del\u016fm, ale st\u00e1le jsme v\u0161ichni jen lid\u00e9.                                                                                                                                                                                                                                                                                                                                                                                          4.5\/5 - (2 votes)        "},{"@context":"https:\/\/schema.org\/","@type":"BreadcrumbList","itemListElement":[{"@type":"ListItem","position":1,"name":"My a sv\u011bt","item":"https:\/\/www.emde.cz\/my-a-svet\/#breadcrumbitem"}]}]