[{"@context":"https:\/\/schema.org\/","@type":"Blog","@id":"https:\/\/www.emde.cz#Blog","headline":"Emde","description":"\nN\u00e1\u0161 web je tu pro v\u0161echny, kdo pot\u0159ebuj\u00ed pom\u00e1hat s\u00a0n\u00e1strahami \u017eivota. A s\u00a0jeho pomoc\u00ed nen\u00ed zvl\u00e1d\u00e1n\u00ed mnoha probl\u00e9m\u016f vlastn\u011b v\u016fbec nezvl\u00e1dnuteln\u00e9.","url":"https:\/\/www.emde.cz","hasPart":[{"@type":"Article","@id":"https:\/\/www.emde.cz\/nasi-muzi\/","headline":"Na\u0161i mu\u017ei","url":"https:\/\/www.emde.cz\/nasi-muzi\/","datePublished":"2023-09-08","dateModified":"2024-02-09","mainEntityOfPage":"https:\/\/www.emde.cz\/nasi-muzi\/","author":{"@type":"Person","@id":"https:\/\/www.emde.cz\/author\/#Person","name":"","url":"https:\/\/www.emde.cz\/author\/","identifier":1,"image":{"@type":"ImageObject","@id":"https:\/\/secure.gravatar.com\/avatar\/f14f9548cfce1bfc4b3267434069a757db9568e455121a8852ede019c83b3b5e?s=96&d=mm&r=g","url":"https:\/\/secure.gravatar.com\/avatar\/f14f9548cfce1bfc4b3267434069a757db9568e455121a8852ede019c83b3b5e?s=96&d=mm&r=g","height":96,"width":96}},"publisher":{"@type":"Organization","name":"emde.cz","logo":{"@type":"ImageObject","@id":"\/logo.png","url":"\/logo.png","width":600,"height":60}},"image":{"@type":"ImageObject","@id":"https:\/\/www.emde.cz\/wp-content\/uploads\/man-1203885_960_720.jpg","url":"https:\/\/www.emde.cz\/wp-content\/uploads\/man-1203885_960_720.jpg","height":0,"width":0},"wordCount":932,"keywords":null},{"@type":"Article","@id":"https:\/\/www.emde.cz\/pro-prijemny-a-pohodlny-spanek\/","headline":"Pro p\u0159\u00edjemn\u00fd a pohodln\u00fd sp\u00e1nek","url":"https:\/\/www.emde.cz\/pro-prijemny-a-pohodlny-spanek\/","datePublished":"2023-09-01","dateModified":"2023-09-01","mainEntityOfPage":"https:\/\/www.emde.cz\/pro-prijemny-a-pohodlny-spanek\/","author":{"@type":"Person","@id":"https:\/\/www.emde.cz\/author\/#Person","name":"","url":"https:\/\/www.emde.cz\/author\/","identifier":1,"image":{"@type":"ImageObject","@id":"https:\/\/secure.gravatar.com\/avatar\/f14f9548cfce1bfc4b3267434069a757db9568e455121a8852ede019c83b3b5e?s=96&d=mm&r=g","url":"https:\/\/secure.gravatar.com\/avatar\/f14f9548cfce1bfc4b3267434069a757db9568e455121a8852ede019c83b3b5e?s=96&d=mm&r=g","height":96,"width":96}},"publisher":{"@type":"Organization","name":"emde.cz","logo":{"@type":"ImageObject","@id":"\/logo.png","url":"\/logo.png","width":600,"height":60}},"image":null,"wordCount":311,"keywords":null},{"@type":"Article","@id":"https:\/\/www.emde.cz\/pobyt-u-more\/","headline":"Pobyt u mo\u0159e","url":"https:\/\/www.emde.cz\/pobyt-u-more\/","datePublished":"2023-08-30","dateModified":"2024-01-31","mainEntityOfPage":"https:\/\/www.emde.cz\/pobyt-u-more\/","author":{"@type":"Person","@id":"https:\/\/www.emde.cz\/author\/#Person","name":"","url":"https:\/\/www.emde.cz\/author\/","identifier":1,"image":{"@type":"ImageObject","@id":"https:\/\/secure.gravatar.com\/avatar\/f14f9548cfce1bfc4b3267434069a757db9568e455121a8852ede019c83b3b5e?s=96&d=mm&r=g","url":"https:\/\/secure.gravatar.com\/avatar\/f14f9548cfce1bfc4b3267434069a757db9568e455121a8852ede019c83b3b5e?s=96&d=mm&r=g","height":96,"width":96}},"publisher":{"@type":"Organization","name":"emde.cz","logo":{"@type":"ImageObject","@id":"\/logo.png","url":"\/logo.png","width":600,"height":60}},"image":{"@type":"ImageObject","@id":"https:\/\/www.emde.cz\/wp-content\/uploads\/beach-4455224_640_1.jpg","url":"https:\/\/www.emde.cz\/wp-content\/uploads\/beach-4455224_640_1.jpg","height":0,"width":0},"wordCount":934,"keywords":null},{"@type":"Article","@id":"https:\/\/www.emde.cz\/ja-introvert\/","headline":"J\u00e1 introvert","url":"https:\/\/www.emde.cz\/ja-introvert\/","datePublished":"2023-08-28","dateModified":"2024-03-28","mainEntityOfPage":"https:\/\/www.emde.cz\/ja-introvert\/","author":{"@type":"Person","@id":"https:\/\/www.emde.cz\/author\/#Person","name":"","url":"https:\/\/www.emde.cz\/author\/","identifier":1,"image":{"@type":"ImageObject","@id":"https:\/\/secure.gravatar.com\/avatar\/f14f9548cfce1bfc4b3267434069a757db9568e455121a8852ede019c83b3b5e?s=96&d=mm&r=g","url":"https:\/\/secure.gravatar.com\/avatar\/f14f9548cfce1bfc4b3267434069a757db9568e455121a8852ede019c83b3b5e?s=96&d=mm&r=g","height":96,"width":96}},"publisher":{"@type":"Organization","name":"emde.cz","logo":{"@type":"ImageObject","@id":"\/logo.png","url":"\/logo.png","width":600,"height":60}},"image":{"@type":"ImageObject","@id":"https:\/\/www.emde.cz\/wp-content\/uploads\/dance-5012264_1280.jpg","url":"https:\/\/www.emde.cz\/wp-content\/uploads\/dance-5012264_1280.jpg","height":0,"width":0},"wordCount":847,"keywords":null},{"@type":"Article","@id":"https:\/\/www.emde.cz\/proc-vzdy-vidime-jen-jednu-stranu-mesice\/","headline":"Pro\u010d v\u017edy vid\u00edme jen jednu stranu M\u011bs\u00edce","url":"https:\/\/www.emde.cz\/proc-vzdy-vidime-jen-jednu-stranu-mesice\/","datePublished":"2023-08-08","dateModified":"2024-01-08","mainEntityOfPage":"https:\/\/www.emde.cz\/proc-vzdy-vidime-jen-jednu-stranu-mesice\/","author":{"@type":"Person","@id":"https:\/\/www.emde.cz\/author\/#Person","name":"","url":"https:\/\/www.emde.cz\/author\/","identifier":1,"image":{"@type":"ImageObject","@id":"https:\/\/secure.gravatar.com\/avatar\/f14f9548cfce1bfc4b3267434069a757db9568e455121a8852ede019c83b3b5e?s=96&d=mm&r=g","url":"https:\/\/secure.gravatar.com\/avatar\/f14f9548cfce1bfc4b3267434069a757db9568e455121a8852ede019c83b3b5e?s=96&d=mm&r=g","height":96,"width":96}},"publisher":{"@type":"Organization","name":"emde.cz","logo":{"@type":"ImageObject","@id":"\/logo.png","url":"\/logo.png","width":600,"height":60}},"image":{"@type":"ImageObject","@id":"https:\/\/www.emde.cz\/wp-content\/uploads\/mesic3_1.jpg","url":"https:\/\/www.emde.cz\/wp-content\/uploads\/mesic3_1.jpg","height":0,"width":0},"wordCount":968,"keywords":null},{"@type":"Article","@id":"https:\/\/www.emde.cz\/zijeme-ve-velmi-moderni-a-vyspele-dobe\/","headline":"\u017dijeme ve velmi modern\u00ed a vysp\u011bl\u00e9 dob\u011b","url":"https:\/\/www.emde.cz\/zijeme-ve-velmi-moderni-a-vyspele-dobe\/","datePublished":"2023-07-27","dateModified":"2023-07-27","mainEntityOfPage":"https:\/\/www.emde.cz\/zijeme-ve-velmi-moderni-a-vyspele-dobe\/","author":{"@type":"Person","@id":"https:\/\/www.emde.cz\/author\/#Person","name":"","url":"https:\/\/www.emde.cz\/author\/","identifier":1,"image":{"@type":"ImageObject","@id":"https:\/\/secure.gravatar.com\/avatar\/f14f9548cfce1bfc4b3267434069a757db9568e455121a8852ede019c83b3b5e?s=96&d=mm&r=g","url":"https:\/\/secure.gravatar.com\/avatar\/f14f9548cfce1bfc4b3267434069a757db9568e455121a8852ede019c83b3b5e?s=96&d=mm&r=g","height":96,"width":96}},"publisher":{"@type":"Organization","name":"emde.cz","logo":{"@type":"ImageObject","@id":"\/logo.png","url":"\/logo.png","width":600,"height":60}},"image":null,"wordCount":291,"keywords":null},{"@type":"Article","@id":"https:\/\/www.emde.cz\/seniori-na-vesnici\/","headline":"Senio\u0159i na vesnici","url":"https:\/\/www.emde.cz\/seniori-na-vesnici\/","datePublished":"2023-07-24","dateModified":"2024-04-24","mainEntityOfPage":"https:\/\/www.emde.cz\/seniori-na-vesnici\/","author":{"@type":"Person","@id":"https:\/\/www.emde.cz\/author\/#Person","name":"","url":"https:\/\/www.emde.cz\/author\/","identifier":1,"image":{"@type":"ImageObject","@id":"https:\/\/secure.gravatar.com\/avatar\/f14f9548cfce1bfc4b3267434069a757db9568e455121a8852ede019c83b3b5e?s=96&d=mm&r=g","url":"https:\/\/secure.gravatar.com\/avatar\/f14f9548cfce1bfc4b3267434069a757db9568e455121a8852ede019c83b3b5e?s=96&d=mm&r=g","height":96,"width":96}},"publisher":{"@type":"Organization","name":"emde.cz","logo":{"@type":"ImageObject","@id":"\/logo.png","url":"\/logo.png","width":600,"height":60}},"image":{"@type":"ImageObject","@id":"https:\/\/www.emde.cz\/wp-content\/uploads\/couple-6962202_1280.jpg","url":"https:\/\/www.emde.cz\/wp-content\/uploads\/couple-6962202_1280.jpg","height":0,"width":0},"wordCount":1215,"keywords":null},{"@type":"Article","@id":"https:\/\/www.emde.cz\/krasne-misto-v-evrope\/","headline":"Kr\u00e1sn\u00e9 m\u00edsto v Evrop\u011b","url":"https:\/\/www.emde.cz\/krasne-misto-v-evrope\/","datePublished":"2023-06-22","dateModified":"2024-06-24","mainEntityOfPage":"https:\/\/www.emde.cz\/krasne-misto-v-evrope\/","author":{"@type":"Person","@id":"https:\/\/www.emde.cz\/author\/#Person","name":"","url":"https:\/\/www.emde.cz\/author\/","identifier":1,"image":{"@type":"ImageObject","@id":"https:\/\/secure.gravatar.com\/avatar\/f14f9548cfce1bfc4b3267434069a757db9568e455121a8852ede019c83b3b5e?s=96&d=mm&r=g","url":"https:\/\/secure.gravatar.com\/avatar\/f14f9548cfce1bfc4b3267434069a757db9568e455121a8852ede019c83b3b5e?s=96&d=mm&r=g","height":96,"width":96}},"publisher":{"@type":"Organization","name":"emde.cz","logo":{"@type":"ImageObject","@id":"\/logo.png","url":"\/logo.png","width":600,"height":60}},"image":null,"wordCount":300,"keywords":null},{"@type":"Article","@id":"https:\/\/www.emde.cz\/kdy-je-na-case-obnovit-fasadu-domu\/","headline":"Kdy je na \u010dase obnovit fas\u00e1du domu","url":"https:\/\/www.emde.cz\/kdy-je-na-case-obnovit-fasadu-domu\/","datePublished":"2023-06-20","dateModified":"2024-05-20","mainEntityOfPage":"https:\/\/www.emde.cz\/kdy-je-na-case-obnovit-fasadu-domu\/","author":{"@type":"Person","@id":"https:\/\/www.emde.cz\/author\/#Person","name":"","url":"https:\/\/www.emde.cz\/author\/","identifier":1,"image":{"@type":"ImageObject","@id":"https:\/\/secure.gravatar.com\/avatar\/f14f9548cfce1bfc4b3267434069a757db9568e455121a8852ede019c83b3b5e?s=96&d=mm&r=g","url":"https:\/\/secure.gravatar.com\/avatar\/f14f9548cfce1bfc4b3267434069a757db9568e455121a8852ede019c83b3b5e?s=96&d=mm&r=g","height":96,"width":96}},"publisher":{"@type":"Organization","name":"emde.cz","logo":{"@type":"ImageObject","@id":"\/logo.png","url":"\/logo.png","width":600,"height":60}},"image":{"@type":"ImageObject","@id":"https:\/\/www.emde.cz\/wp-content\/uploads\/fasada1_1.jpg","url":"https:\/\/www.emde.cz\/wp-content\/uploads\/fasada1_1.jpg","height":0,"width":0},"wordCount":549,"keywords":null},{"@type":"Article","@id":"https:\/\/www.emde.cz\/originalni-darek\/","headline":"Origin\u00e1ln\u00ed d\u00e1rek","url":"https:\/\/www.emde.cz\/originalni-darek\/","datePublished":"2023-06-17","dateModified":"2024-05-20","mainEntityOfPage":"https:\/\/www.emde.cz\/originalni-darek\/","author":{"@type":"Person","@id":"https:\/\/www.emde.cz\/author\/#Person","name":"","url":"https:\/\/www.emde.cz\/author\/","identifier":1,"image":{"@type":"ImageObject","@id":"https:\/\/secure.gravatar.com\/avatar\/f14f9548cfce1bfc4b3267434069a757db9568e455121a8852ede019c83b3b5e?s=96&d=mm&r=g","url":"https:\/\/secure.gravatar.com\/avatar\/f14f9548cfce1bfc4b3267434069a757db9568e455121a8852ede019c83b3b5e?s=96&d=mm&r=g","height":96,"width":96}},"publisher":{"@type":"Organization","name":"emde.cz","logo":{"@type":"ImageObject","@id":"\/logo.png","url":"\/logo.png","width":600,"height":60}},"image":{"@type":"ImageObject","@id":"https:\/\/www.emde.cz\/wp-content\/uploads\/happy-1836445_640%20(1)_1.jpg","url":"https:\/\/www.emde.cz\/wp-content\/uploads\/happy-1836445_640%20(1)_1.jpg","height":0,"width":0},"wordCount":511,"keywords":null}]},{"@context":"https:\/\/schema.org","@type":"WebSite","@id":"https:\/\/www.emde.cz\/#website","name":"Emde","url":"https:\/\/www.emde.cz","potentialAction":{"@type":"SearchAction","target":"https:\/\/www.emde.cz\/?s={search_term_string}","query-input":"required name=search_term_string"}}]