[{"@context":"https:\/\/schema.org\/","@type":"Blog","@id":"https:\/\/www.emde.cz#Blog","headline":"Emde","description":"\nN\u00e1\u0161 web je tu pro v\u0161echny, kdo pot\u0159ebuj\u00ed pom\u00e1hat s\u00a0n\u00e1strahami \u017eivota. A s\u00a0jeho pomoc\u00ed nen\u00ed zvl\u00e1d\u00e1n\u00ed mnoha probl\u00e9m\u016f vlastn\u011b v\u016fbec nezvl\u00e1dnuteln\u00e9.","url":"https:\/\/www.emde.cz","hasPart":[{"@type":"Article","@id":"https:\/\/www.emde.cz\/muzi-a-jejich-zivot\/","headline":"Mu\u017ei a jejich \u017eivot","url":"https:\/\/www.emde.cz\/muzi-a-jejich-zivot\/","datePublished":"2023-04-30","dateModified":"2023-11-30","mainEntityOfPage":"https:\/\/www.emde.cz\/muzi-a-jejich-zivot\/","author":{"@type":"Person","@id":"https:\/\/www.emde.cz\/author\/#Person","name":"","url":"https:\/\/www.emde.cz\/author\/","identifier":1,"image":{"@type":"ImageObject","@id":"https:\/\/secure.gravatar.com\/avatar\/f14f9548cfce1bfc4b3267434069a757db9568e455121a8852ede019c83b3b5e?s=96&d=mm&r=g","url":"https:\/\/secure.gravatar.com\/avatar\/f14f9548cfce1bfc4b3267434069a757db9568e455121a8852ede019c83b3b5e?s=96&d=mm&r=g","height":96,"width":96}},"publisher":{"@type":"Organization","name":"emde.cz","logo":{"@type":"ImageObject","@id":"\/logo.png","url":"\/logo.png","width":600,"height":60}},"image":{"@type":"ImageObject","@id":"https:\/\/www.emde.cz\/wp-content\/uploads\/man-3672010_1280_2.jpg","url":"https:\/\/www.emde.cz\/wp-content\/uploads\/man-3672010_1280_2.jpg","height":0,"width":0},"wordCount":931,"keywords":null},{"@type":"Article","@id":"https:\/\/www.emde.cz\/kazda-krasa-ma-svou-cenu\/","headline":"Ka\u017ed\u00e1 kr\u00e1sa m\u00e1 svou cenu","url":"https:\/\/www.emde.cz\/kazda-krasa-ma-svou-cenu\/","datePublished":"2023-04-30","dateModified":"2023-11-30","mainEntityOfPage":"https:\/\/www.emde.cz\/kazda-krasa-ma-svou-cenu\/","author":{"@type":"Person","@id":"https:\/\/www.emde.cz\/author\/#Person","name":"","url":"https:\/\/www.emde.cz\/author\/","identifier":1,"image":{"@type":"ImageObject","@id":"https:\/\/secure.gravatar.com\/avatar\/f14f9548cfce1bfc4b3267434069a757db9568e455121a8852ede019c83b3b5e?s=96&d=mm&r=g","url":"https:\/\/secure.gravatar.com\/avatar\/f14f9548cfce1bfc4b3267434069a757db9568e455121a8852ede019c83b3b5e?s=96&d=mm&r=g","height":96,"width":96}},"publisher":{"@type":"Organization","name":"emde.cz","logo":{"@type":"ImageObject","@id":"\/logo.png","url":"\/logo.png","width":600,"height":60}},"image":{"@type":"ImageObject","@id":"https:\/\/www.emde.cz\/wp-content\/uploads\/man-2933991_1280_2.jpg","url":"https:\/\/www.emde.cz\/wp-content\/uploads\/man-2933991_1280_2.jpg","height":0,"width":0},"wordCount":920,"keywords":null},{"@type":"Article","@id":"https:\/\/www.emde.cz\/rekonstrukce-nebo-novy-objekt\/","headline":"Rekonstrukce nebo nov\u00fd objekt?","url":"https:\/\/www.emde.cz\/rekonstrukce-nebo-novy-objekt\/","datePublished":"2023-04-29","dateModified":"2024-05-06","mainEntityOfPage":"https:\/\/www.emde.cz\/rekonstrukce-nebo-novy-objekt\/","author":{"@type":"Person","@id":"https:\/\/www.emde.cz\/author\/#Person","name":"","url":"https:\/\/www.emde.cz\/author\/","identifier":1,"image":{"@type":"ImageObject","@id":"https:\/\/secure.gravatar.com\/avatar\/f14f9548cfce1bfc4b3267434069a757db9568e455121a8852ede019c83b3b5e?s=96&d=mm&r=g","url":"https:\/\/secure.gravatar.com\/avatar\/f14f9548cfce1bfc4b3267434069a757db9568e455121a8852ede019c83b3b5e?s=96&d=mm&r=g","height":96,"width":96}},"publisher":{"@type":"Organization","name":"emde.cz","logo":{"@type":"ImageObject","@id":"\/logo.png","url":"\/logo.png","width":600,"height":60}},"image":null,"wordCount":442,"keywords":null},{"@type":"Article","@id":"https:\/\/www.emde.cz\/technika-pro-vsechny\/","headline":"Technika pro v\u0161echny","url":"https:\/\/www.emde.cz\/technika-pro-vsechny\/","datePublished":"2023-04-26","dateModified":"2024-02-26","mainEntityOfPage":"https:\/\/www.emde.cz\/technika-pro-vsechny\/","author":{"@type":"Person","@id":"https:\/\/www.emde.cz\/author\/#Person","name":"","url":"https:\/\/www.emde.cz\/author\/","identifier":1,"image":{"@type":"ImageObject","@id":"https:\/\/secure.gravatar.com\/avatar\/f14f9548cfce1bfc4b3267434069a757db9568e455121a8852ede019c83b3b5e?s=96&d=mm&r=g","url":"https:\/\/secure.gravatar.com\/avatar\/f14f9548cfce1bfc4b3267434069a757db9568e455121a8852ede019c83b3b5e?s=96&d=mm&r=g","height":96,"width":96}},"publisher":{"@type":"Organization","name":"emde.cz","logo":{"@type":"ImageObject","@id":"\/logo.png","url":"\/logo.png","width":600,"height":60}},"image":{"@type":"ImageObject","@id":"https:\/\/www.emde.cz\/wp-content\/uploads\/hands-1851218_1280.jpg","url":"https:\/\/www.emde.cz\/wp-content\/uploads\/hands-1851218_1280.jpg","height":0,"width":0},"wordCount":912,"keywords":null},{"@type":"Article","@id":"https:\/\/www.emde.cz\/krasa-okoli\/","headline":"Kr\u00e1sa okol\u00ed","url":"https:\/\/www.emde.cz\/krasa-okoli\/","datePublished":"2023-04-08","dateModified":"2024-01-08","mainEntityOfPage":"https:\/\/www.emde.cz\/krasa-okoli\/","author":{"@type":"Person","@id":"https:\/\/www.emde.cz\/author\/#Person","name":"","url":"https:\/\/www.emde.cz\/author\/","identifier":1,"image":{"@type":"ImageObject","@id":"https:\/\/secure.gravatar.com\/avatar\/f14f9548cfce1bfc4b3267434069a757db9568e455121a8852ede019c83b3b5e?s=96&d=mm&r=g","url":"https:\/\/secure.gravatar.com\/avatar\/f14f9548cfce1bfc4b3267434069a757db9568e455121a8852ede019c83b3b5e?s=96&d=mm&r=g","height":96,"width":96}},"publisher":{"@type":"Organization","name":"emde.cz","logo":{"@type":"ImageObject","@id":"\/logo.png","url":"\/logo.png","width":600,"height":60}},"image":{"@type":"ImageObject","@id":"https:\/\/www.emde.cz\/wp-content\/uploads\/girl-1293985_1280.jpg","url":"https:\/\/www.emde.cz\/wp-content\/uploads\/girl-1293985_1280.jpg","height":0,"width":0},"wordCount":993,"keywords":null},{"@type":"Article","@id":"https:\/\/www.emde.cz\/zrychlete-svuj-metabolismus-a-konecne-zhubnete-jak-to-ale-udelat\/","headline":"Zrychlete sv\u016fj metabolismus a kone\u010dn\u011b zhubn\u011bte &#8211; Jak to ale ud\u011blat?","url":"https:\/\/www.emde.cz\/zrychlete-svuj-metabolismus-a-konecne-zhubnete-jak-to-ale-udelat\/","datePublished":"2023-04-04","dateModified":"2024-01-08","mainEntityOfPage":"https:\/\/www.emde.cz\/zrychlete-svuj-metabolismus-a-konecne-zhubnete-jak-to-ale-udelat\/","author":{"@type":"Person","@id":"https:\/\/www.emde.cz\/author\/#Person","name":"","url":"https:\/\/www.emde.cz\/author\/","identifier":1,"image":{"@type":"ImageObject","@id":"https:\/\/secure.gravatar.com\/avatar\/f14f9548cfce1bfc4b3267434069a757db9568e455121a8852ede019c83b3b5e?s=96&d=mm&r=g","url":"https:\/\/secure.gravatar.com\/avatar\/f14f9548cfce1bfc4b3267434069a757db9568e455121a8852ede019c83b3b5e?s=96&d=mm&r=g","height":96,"width":96}},"publisher":{"@type":"Organization","name":"emde.cz","logo":{"@type":"ImageObject","@id":"\/logo.png","url":"\/logo.png","width":600,"height":60}},"image":{"@type":"ImageObject","@id":"https:\/\/www.emde.cz\/wp-content\/uploads\/vegetables-1085063_640_3.jpg","url":"https:\/\/www.emde.cz\/wp-content\/uploads\/vegetables-1085063_640_3.jpg","height":0,"width":0},"wordCount":1070,"keywords":null},{"@type":"Article","@id":"https:\/\/www.emde.cz\/muzete-mit-to-po-cem-touzi-designeri-na-celem-svete\/","headline":"M\u016f\u017eete m\u00edt to, po \u010dem tou\u017e\u00ed design\u00e9\u0159i na cel\u00e9m sv\u011bt\u011b","url":"https:\/\/www.emde.cz\/muzete-mit-to-po-cem-touzi-designeri-na-celem-svete\/","datePublished":"2023-03-27","dateModified":"2024-03-28","mainEntityOfPage":"https:\/\/www.emde.cz\/muzete-mit-to-po-cem-touzi-designeri-na-celem-svete\/","author":{"@type":"Person","@id":"https:\/\/www.emde.cz\/author\/#Person","name":"","url":"https:\/\/www.emde.cz\/author\/","identifier":1,"image":{"@type":"ImageObject","@id":"https:\/\/secure.gravatar.com\/avatar\/f14f9548cfce1bfc4b3267434069a757db9568e455121a8852ede019c83b3b5e?s=96&d=mm&r=g","url":"https:\/\/secure.gravatar.com\/avatar\/f14f9548cfce1bfc4b3267434069a757db9568e455121a8852ede019c83b3b5e?s=96&d=mm&r=g","height":96,"width":96}},"publisher":{"@type":"Organization","name":"emde.cz","logo":{"@type":"ImageObject","@id":"\/logo.png","url":"\/logo.png","width":600,"height":60}},"image":null,"wordCount":428,"keywords":null},{"@type":"Article","@id":"https:\/\/www.emde.cz\/mravenci-patri-do-prirody\/","headline":"Mravenci pat\u0159\u00ed do p\u0159\u00edrody","url":"https:\/\/www.emde.cz\/mravenci-patri-do-prirody\/","datePublished":"2023-02-19","dateModified":"2024-02-23","mainEntityOfPage":"https:\/\/www.emde.cz\/mravenci-patri-do-prirody\/","author":{"@type":"Person","@id":"https:\/\/www.emde.cz\/author\/#Person","name":"","url":"https:\/\/www.emde.cz\/author\/","identifier":1,"image":{"@type":"ImageObject","@id":"https:\/\/secure.gravatar.com\/avatar\/f14f9548cfce1bfc4b3267434069a757db9568e455121a8852ede019c83b3b5e?s=96&d=mm&r=g","url":"https:\/\/secure.gravatar.com\/avatar\/f14f9548cfce1bfc4b3267434069a757db9568e455121a8852ede019c83b3b5e?s=96&d=mm&r=g","height":96,"width":96}},"publisher":{"@type":"Organization","name":"emde.cz","logo":{"@type":"ImageObject","@id":"\/logo.png","url":"\/logo.png","width":600,"height":60}},"image":null,"wordCount":462,"keywords":null},{"@type":"Article","@id":"https:\/\/www.emde.cz\/my-a-svet\/","headline":"My a sv\u011bt","url":"https:\/\/www.emde.cz\/my-a-svet\/","datePublished":"2023-01-10","dateModified":"2023-01-10","mainEntityOfPage":"https:\/\/www.emde.cz\/my-a-svet\/","author":{"@type":"Person","@id":"https:\/\/www.emde.cz\/author\/#Person","name":"","url":"https:\/\/www.emde.cz\/author\/","identifier":1,"image":{"@type":"ImageObject","@id":"https:\/\/secure.gravatar.com\/avatar\/f14f9548cfce1bfc4b3267434069a757db9568e455121a8852ede019c83b3b5e?s=96&d=mm&r=g","url":"https:\/\/secure.gravatar.com\/avatar\/f14f9548cfce1bfc4b3267434069a757db9568e455121a8852ede019c83b3b5e?s=96&d=mm&r=g","height":96,"width":96}},"publisher":{"@type":"Organization","name":"emde.cz","logo":{"@type":"ImageObject","@id":"\/logo.png","url":"\/logo.png","width":600,"height":60}},"image":{"@type":"ImageObject","@id":"https:\/\/www.emde.cz\/wp-content\/uploads\/hands-gbf821d668_640_1.jpg","url":"https:\/\/www.emde.cz\/wp-content\/uploads\/hands-gbf821d668_640_1.jpg","height":0,"width":0},"wordCount":555,"keywords":null},{"@type":"Article","@id":"https:\/\/www.emde.cz\/skvela-dovolena-na-odpocinek\/","headline":"Skv\u011bl\u00e1 dovolen\u00e1 na odpo\u010dinek","url":"https:\/\/www.emde.cz\/skvela-dovolena-na-odpocinek\/","datePublished":"2022-12-30","dateModified":"2023-11-30","mainEntityOfPage":"https:\/\/www.emde.cz\/skvela-dovolena-na-odpocinek\/","author":{"@type":"Person","@id":"https:\/\/www.emde.cz\/author\/#Person","name":"","url":"https:\/\/www.emde.cz\/author\/","identifier":1,"image":{"@type":"ImageObject","@id":"https:\/\/secure.gravatar.com\/avatar\/f14f9548cfce1bfc4b3267434069a757db9568e455121a8852ede019c83b3b5e?s=96&d=mm&r=g","url":"https:\/\/secure.gravatar.com\/avatar\/f14f9548cfce1bfc4b3267434069a757db9568e455121a8852ede019c83b3b5e?s=96&d=mm&r=g","height":96,"width":96}},"publisher":{"@type":"Organization","name":"emde.cz","logo":{"@type":"ImageObject","@id":"\/logo.png","url":"\/logo.png","width":600,"height":60}},"image":{"@type":"ImageObject","@id":"https:\/\/www.emde.cz\/wp-content\/uploads\/petra-6294051_1280.jpg","url":"https:\/\/www.emde.cz\/wp-content\/uploads\/petra-6294051_1280.jpg","height":0,"width":0},"wordCount":915,"keywords":null}]},{"@context":"https:\/\/schema.org","@type":"WebSite","@id":"https:\/\/www.emde.cz\/#website","name":"Emde","url":"https:\/\/www.emde.cz","potentialAction":{"@type":"SearchAction","target":"https:\/\/www.emde.cz\/?s={search_term_string}","query-input":"required name=search_term_string"}}]