[{"@context":"https:\/\/schema.org\/","@type":"Article","@id":"https:\/\/www.emde.cz\/pevna-jasna-plet\/#Article","mainEntityOfPage":"https:\/\/www.emde.cz\/pevna-jasna-plet\/","headline":"Pevn\u00e1 jasn\u00e1 ple\u0165","name":"Pevn\u00e1 jasn\u00e1 ple\u0165","description":"U\u017e\u00edv\u00e1te n\u011bjak\u00e9 potravinov\u00e9 dopl\u0148ky anebo v\u0161echno nech\u00e1v\u00e1te tak, jak to je? Samoz\u0159ejm\u011b, \u017ee pokud t\u0159eba m\u00e1te opravdu perfektn\u00ed \u017eivotn\u00ed styl a \u017eijte zdrav\u011b a tak\u00e9 si hl\u00edd\u00e1te v\u00e1hu a v\u0161echny vitam\u00edny a miner\u00e1ly, tak je to potom dob\u0159e. Potom to vypad\u00e1 tak, \u017ee asi nemus\u00edte u\u017e\u00edvat \u017e\u00e1dn\u00e9 potravinov\u00e9 dopl\u0148ky, jako nap\u0159\u00edklad v magn\u00e9zium nebo \u017eelezo [&hellip;]","datePublished":"2024-02-28","dateModified":"2024-03-28","author":{"@type":"Person","@id":"https:\/\/www.emde.cz\/author\/#Person","name":"","url":"https:\/\/www.emde.cz\/author\/","identifier":1,"image":{"@type":"ImageObject","@id":"https:\/\/secure.gravatar.com\/avatar\/f14f9548cfce1bfc4b3267434069a757db9568e455121a8852ede019c83b3b5e?s=96&d=mm&r=g","url":"https:\/\/secure.gravatar.com\/avatar\/f14f9548cfce1bfc4b3267434069a757db9568e455121a8852ede019c83b3b5e?s=96&d=mm&r=g","height":96,"width":96}},"publisher":{"@type":"Organization","name":"emde.cz","logo":{"@type":"ImageObject","@id":"\/logo.png","url":"\/logo.png","width":600,"height":60}},"image":{"@type":"ImageObject","@id":"https:\/\/www.emde.cz\/wp-content\/uploads\/nude-3052317_1280.jpg","url":"https:\/\/www.emde.cz\/wp-content\/uploads\/nude-3052317_1280.jpg","height":0,"width":0},"url":"https:\/\/www.emde.cz\/pevna-jasna-plet\/","about":["V\u00fdrobky"],"wordCount":447,"articleBody":"   U\u017e\u00edv\u00e1te n\u011bjak\u00e9 potravinov\u00e9 dopl\u0148ky anebo v\u0161echno nech\u00e1v\u00e1te tak, jak to je? Samoz\u0159ejm\u011b, \u017ee pokud t\u0159eba m\u00e1te opravdu perfektn\u00ed \u017eivotn\u00ed styl a \u017eijte zdrav\u011b a tak\u00e9 si hl\u00edd\u00e1te v\u00e1hu a v\u0161echny vitam\u00edny a miner\u00e1ly, tak je to potom dob\u0159e. Potom to vypad\u00e1 tak, \u017ee asi nemus\u00edte u\u017e\u00edvat \u017e\u00e1dn\u00e9 potravinov\u00e9 dopl\u0148ky, jako nap\u0159\u00edklad v magn\u00e9zium nebo \u017eelezo vitam\u00edn B, Vitam\u00edn C, v\u00e1pn\u00edk a tak podobn\u011b. Vitam\u00edn\u016f je opravdu mnoho, ale tak\u00e9 jste sly\u0161eli, \u017ee v na\u0161em t\u011ble se vyskytuje norm\u00e1ln\u011b kolagen a \u017ee kolagen postupem \u010dasu, jak st\u00e1rneme, jak n\u00e1m p\u0159ib\u00fdvaj\u00ed roky, tak tento kolagen v na\u0161em t\u011ble ub\u00fdv\u00e1? T\u011blo ho vyr\u00e1b\u00ed opravdu hodn\u011b pomalu a v\u00edte, co to znamen\u00e1, kdy\u017e n\u00e1m v t\u011ble sch\u00e1z\u00ed kolagen? Dopad\u00e1 to tak, \u017ee hlavn\u011b \u017eeny na to doplat\u00ed. Samoz\u0159ejm\u011b, \u017ee i p\u00e1nov\u00e9, ale hlavn\u011b tohle tr\u00e1p\u00ed \u017eeny, kdy\u017e m\u00e1me v t\u011ble opravdu nedostatek kolagenu, tak na\u0161e k\u016f\u017ee je takov\u00e1 su\u0161\u0161\u00ed. Hlavn\u011b takov\u00e1 m\u00e9n\u011b pevn\u00e1 a m\u016f\u017eou se tam d\u011blat vr\u00e1sky, jak jemn\u00e9, tak tak\u00e9 hlubok\u00e9 vr\u00e1sky a podle m\u00e9ho n\u00e1zoru \u017e\u00e1dn\u00e1 \u017eena nechce, aby m\u011bla vr\u00e1s\u010dit\u00fd obli\u010dej. Samoz\u0159ejm\u011b, \u017ee st\u00e1rnout se m\u00e1 s gr\u00e1ci\u00ed, ale jsou n\u011bkter\u00e9 \u017eeny, kter\u00e9 tohle necht\u011bj\u00ed a cht\u011bj\u00ed m\u00edt hladk\u00fd obli\u010dej. J\u00e1 pat\u0159\u00edm k t\u011bm \u017een\u00e1m, kter\u00e9 rozhodn\u011b necht\u011bj\u00ed st\u00e1rnout s gr\u00e1ci\u00ed a m\u00e1m v pl\u00e1nu, \u017ee t\u0159eba ve t\u0159iceti letech p\u016fjdu na n\u011bjakou plastickou operaci. A tak\u00e9 u\u017e\u00edv\u00e1m kolagen. Nativn\u00ed kolagen je opravdu jedni\u010dkou na trhu. Mnoho lid\u00ed u\u017e\u00edv\u00e1 oby\u010dejn\u00fd kolagen, ale j\u00e1 jsem se sp\u00ed\u0161e dala na nativn\u00ed kolagen, kter\u00fd mi p\u0159ijde o n\u011bco lep\u0161\u00ed. Je takov\u00fd v\u00edce zdrav\u011bj\u0161\u00ed a je v\u00edce bli\u017e\u0161\u00ed m\u00e9mu t\u011blu, lidsk\u00e9mu t\u011blu. Pokud tak\u00e9 se chcete dozv\u011bd\u011bt v\u00edce informac\u00ed o kolagenu anebo o nativn\u00edm kolagenu, tak se zkuste pod\u00edvat na webov\u00e9 str\u00e1nky orcacollagen.cz. A tam se dozv\u00edte, jak funguje kolagen. A co je to nativn\u00ed kolagen a ten tak\u00e9 jak funguje. A j\u00e1 sama jsem s nativn\u00edm kolagenem opravdu hodn\u011b spokojen\u00e1. Po p\u016fl roce u\u017e\u00edv\u00e1n\u00ed na m\u00e9 pleti je vid\u011bt, \u017ee je v\u00edce pru\u017en\u00e1 a tak\u00e9 sv\u011b\u017eej\u0161\u00ed a m\u00e9 vlasy a nehty v\u00edce pevn\u00e9.                                                                                                                                                                                                                                                                                                                                                                                           4.5\/5 - (11 votes)        "},{"@context":"https:\/\/schema.org\/","@type":"BreadcrumbList","itemListElement":[{"@type":"ListItem","position":1,"name":"Pevn\u00e1 jasn\u00e1 ple\u0165","item":"https:\/\/www.emde.cz\/pevna-jasna-plet\/#breadcrumbitem"}]}]