[{"@context":"https:\/\/schema.org\/","@type":"Article","@id":"https:\/\/www.emde.cz\/proc-mit-kryt-na-ipad\/#Article","mainEntityOfPage":"https:\/\/www.emde.cz\/proc-mit-kryt-na-ipad\/","headline":"Pro\u010d m\u00edt kryt na ipad","name":"Pro\u010d m\u00edt kryt na ipad","description":"Kdy\u017e si \u010dlov\u011bk koup\u00ed ten iPad a vybere si ten spr\u00e1vn\u00fd model a od spr\u00e1vn\u00e9 zna\u010dky, m\u016f\u017ee to b\u00fdt dobr\u00e1 koup\u011b. Jen\u017ee po\u0159\u00e1d pot\u0159ebuje je\u0161t\u011b n\u011bco k iPadu. Co to je? No p\u0159ece kryt na iPad. Je to hodn\u011b u\u017eite\u010dn\u00e1 v\u011bc, kter\u00e1 stoj\u00ed p\u00e1r ka\u010dek, ale spln\u00ed sv\u016fj \u00fa\u010dinek. J\u00e1 v\u00edm, o \u010dem mluv\u00edm, proto\u017ee [&hellip;]","datePublished":"2024-03-13","dateModified":"2024-05-13","author":{"@type":"Person","@id":"https:\/\/www.emde.cz\/author\/#Person","name":"","url":"https:\/\/www.emde.cz\/author\/","identifier":1,"image":{"@type":"ImageObject","@id":"https:\/\/secure.gravatar.com\/avatar\/f14f9548cfce1bfc4b3267434069a757db9568e455121a8852ede019c83b3b5e?s=96&d=mm&r=g","url":"https:\/\/secure.gravatar.com\/avatar\/f14f9548cfce1bfc4b3267434069a757db9568e455121a8852ede019c83b3b5e?s=96&d=mm&r=g","height":96,"width":96}},"publisher":{"@type":"Organization","name":"emde.cz","logo":{"@type":"ImageObject","@id":"\/logo.png","url":"\/logo.png","width":600,"height":60}},"image":{"@type":"ImageObject","@id":"https:\/\/www.emde.cz\/wp-content\/uploads\/pexels-janet-lai-2941436-4475025.jpg","url":"https:\/\/www.emde.cz\/wp-content\/uploads\/pexels-janet-lai-2941436-4475025.jpg","height":0,"width":0},"url":"https:\/\/www.emde.cz\/proc-mit-kryt-na-ipad\/","about":["V\u00fdrobky"],"wordCount":418,"articleBody":"   Kdy\u017e si \u010dlov\u011bk koup\u00ed ten iPad a vybere si ten spr\u00e1vn\u00fd model a od spr\u00e1vn\u00e9 zna\u010dky, m\u016f\u017ee to b\u00fdt dobr\u00e1 koup\u011b. Jen\u017ee po\u0159\u00e1d pot\u0159ebuje je\u0161t\u011b n\u011bco k iPadu. Co to je? No p\u0159ece kryt na iPad. Je to hodn\u011b u\u017eite\u010dn\u00e1 v\u011bc, kter\u00e1 stoj\u00ed p\u00e1r ka\u010dek, ale spln\u00ed sv\u016fj \u00fa\u010dinek. J\u00e1 v\u00edm, o \u010dem mluv\u00edm, proto\u017ee zrovna iPad\u016f jsem m\u011bla n\u011bkolik. Pou\u017e\u00edvala jsem je toti\u017e nejv\u00edce k pr\u00e1ci a n\u011bkdy i ke kouk\u00e1n\u00ed film\u016f. Jen\u017ee samoz\u0159ejm\u011b v dne\u0161n\u00ed dob\u011b jsou u\u017e chytr\u00e9 telefony a tablety, se kter\u00fdmi se mus\u00ed zach\u00e1zet opatrn\u011b, narozd\u00edl od tla\u010d\u00edtkov\u00fdch model\u016f. Mn\u011b se stalo, \u017ee se mi iPad trochu rozbil, nem\u011bla jsem na n\u011bm toti\u017e kryt. A to byla ta nejv\u011bt\u0161\u00ed chyba. Byl docela drah\u00fd, a tak jsem z toho byla docela dost ne\u0161\u0165astn\u00e1. M\u011blo to ale jedno velk\u00e9 pozitivum \u2013 u\u017e jsem si od t\u00e9 doby d\u00e1vala na iPad v\u011bt\u0161\u00ed pozor a samoz\u0159ejm\u011b jsem si na n\u011bj po\u0159\u00eddila i kryt. Necht\u011bla jsem, aby se mi toti\u017e rozbil znova. Poprv\u00e9 jsem m\u011bla docela velk\u00e9 \u0161t\u011bst\u00ed, \u017ee m\u00edsto toho, aby se rozbil cel\u00fd, na n\u011bm od p\u00e1du z\u016fstalo jenom p\u00e1r \u0161kr\u00e1banc\u016f, kter\u00e9 se daly p\u0159ej\u00edt. Tak\u017ee si pamatujte tuhle v\u011bc: a\u0165 u\u017e m\u00e1te iPad, nebo chytr\u00fd telefon, v\u017edycky m\u011bjte na n\u011bho obal. Nebudete toho litovat. Tyto obaly m\u016f\u017eete sehnat v hodn\u011b firm\u00e1ch. J\u00e1 bych v\u00e1m ale r\u00e1da doporu\u010dila firmu ipouzdro, od kter\u00e9 jsem si p\u0159edt\u00edm kryty koupila j\u00e1, a to jak na telefon, tak na iPad, abych m\u011bla jistotu, \u017ee se mi nerozbij\u00ed tak snadno. Mnohdy si \u010dlov\u011bk \u0159\u00edk\u00e1, \u017ee kupovat obal na elektroniku je \u00fapln\u011b zbyte\u010dn\u00e9. Ale to jenom do t\u00e9 doby, ne\u017e mu n\u011bjak\u00e1 elektronika spadne a porouch\u00e1 se. Pak bude uva\u017eovat jinak. A proto nezapome\u0148te nav\u0161t\u00edvit jejich str\u00e1nky, ur\u010dit\u011b si vyberete. Maj\u00ed tam bohat\u00fd v\u00fdb\u011br a \u0159adu model\u016f obal\u016f v r\u016fzn\u00fdch barv\u00e1ch. J\u00e1 jsem si vybrala schv\u00e1ln\u011b obaly v \u010derven\u00e9 barv\u011b, proto\u017ee \u010derven\u00e1 je moje nejobl\u00edben\u011bj\u0161\u00ed barva. Maj\u00ed tam skoro v\u0161echny barvy, tak se nezapome\u0148te mrknout a n\u011bjak\u00fd si vyberte.                                                                                                                                                                                                                                                                                                                                                                                          3.9\/5 - (10 votes)        "},{"@context":"https:\/\/schema.org\/","@type":"BreadcrumbList","itemListElement":[{"@type":"ListItem","position":1,"name":"Pro\u010d m\u00edt kryt na ipad","item":"https:\/\/www.emde.cz\/proc-mit-kryt-na-ipad\/#breadcrumbitem"}]}]