[{"@context":"https:\/\/schema.org\/","@type":"Article","@id":"https:\/\/www.emde.cz\/prvni-pocitac\/#Article","mainEntityOfPage":"https:\/\/www.emde.cz\/prvni-pocitac\/","headline":"Prvn\u00ed po\u010d\u00edta\u010d","name":"Prvn\u00ed po\u010d\u00edta\u010d","description":"Ot\u00e1zka je toti\u017e dvoj\u00ed. Kolik a jak\u00e9. V perexu je to nen\u00e1padn\u011b nazna\u010deno. Proto mo\u017en\u00e1 vyzn\u00ed trochu divn\u011b. Nu\u017ee, ono se toti\u017e ned\u00e1 vz\u00edt v potaz, kolik stroj\u016f je ji\u017e nefunk\u010dn\u00edch, a tedy v k\u0159em\u00edkov\u00e9m nebi, nebo kolik je jich vyrobeno podom\u00e1cku, ze star\u00fdch sou\u010d\u00e1stek. A firmy, kter\u00e9 maj\u00ed co do \u010din\u011bn\u00ed s repasy jist\u011b [&hellip;]","datePublished":"2024-06-24","dateModified":"2024-06-24","author":{"@type":"Person","@id":"https:\/\/www.emde.cz\/author\/#Person","name":"","url":"https:\/\/www.emde.cz\/author\/","identifier":1,"image":{"@type":"ImageObject","@id":"https:\/\/secure.gravatar.com\/avatar\/f14f9548cfce1bfc4b3267434069a757db9568e455121a8852ede019c83b3b5e?s=96&d=mm&r=g","url":"https:\/\/secure.gravatar.com\/avatar\/f14f9548cfce1bfc4b3267434069a757db9568e455121a8852ede019c83b3b5e?s=96&d=mm&r=g","height":96,"width":96}},"publisher":{"@type":"Organization","name":"emde.cz","logo":{"@type":"ImageObject","@id":"\/logo.png","url":"\/logo.png","width":600,"height":60}},"image":{"@type":"ImageObject","@id":"https:\/\/www.emde.cz\/wp-content\/uploads\/apple-1853337_640_1.jpg","url":"https:\/\/www.emde.cz\/wp-content\/uploads\/apple-1853337_640_1.jpg","height":0,"width":0},"url":"https:\/\/www.emde.cz\/prvni-pocitac\/","about":["PC"],"wordCount":423,"articleBody":"Ot\u00e1zka je toti\u017e dvoj\u00ed. Kolik a jak\u00e9. V perexu je to nen\u00e1padn\u011b nazna\u010deno. Proto mo\u017en\u00e1 vyzn\u00ed trochu divn\u011b. Nu\u017ee, ono se toti\u017e ned\u00e1 vz\u00edt v potaz, kolik stroj\u016f je ji\u017e nefunk\u010dn\u00edch, a tedy v k\u0159em\u00edkov\u00e9m nebi, nebo kolik je jich vyrobeno podom\u00e1cku, ze star\u00fdch sou\u010d\u00e1stek. A firmy, kter\u00e9 maj\u00ed co do \u010din\u011bn\u00ed s repasy jist\u011b tak\u00e9 nebudou m\u00edt podrobn\u00e9 z\u00e1znamy. Tak\u017ee se to ned\u00e1 ani spo\u010d\u00edtat, ani ur\u010dit jak\u00e9 zna\u010dky se kde potuluj\u00ed. M\u016f\u017eeme jen \u0159\u00edci, kolik se jich tehdy a tehdy prodalo. T\u00edm to zhaslo. Proto\u017ee v\u0161ak nezhasla sv\u00edce nad t\u00edmto \u010dl\u00e1nkem, pod\u00edv\u00e1me se na po\u010d\u00edta\u010de, kter\u00e9 jsou n\u011b\u010d\u00edm zaj\u00edmav\u00e9.A t\u00edm nem\u00e1me na mysli notebooky, jako jsou ona obou fotk\u00e1ch p\u0159ilo\u017eeny. Ty maj\u00ed stejn\u011b pouze takov\u00fd, v\u00edcem\u00e9n\u011b dekorativn\u00ed, charakter. Tak\u017ee to, o \u010dem bude \u0159e\u010d vlastn\u011b ani nem\u00e1 s t\u011bmi notebooky nic spole\u010dn\u00e9ho. Prvn\u00ed n\u00e1\u0161 po\u010d\u00edta\u010d, tedy na\u0161\u00ed v\u00fdroby se jmenoval SAPO. Tato d\u016fmysln\u00e1 zkratka je ze slov SAmo\u010dinn\u00fd PO\u010d\u00edta\u010d. Chytr\u00e9, vi\u010fte? Byl vyroben ji\u017e v roce 1957, ale prvn\u00ed podn\u011bty byly \u00fadajn\u011b d\u00e1ny ji\u017e o deset let d\u0159\u00edve. Zde se n\u00e1m odborn\u00e1 literatura drob\u00e1tko rozch\u00e1z\u00ed, proto\u017ee n\u011bkde o tom nen\u00ed ani zm\u00ednky. Ale to nevad\u00ed, nen\u00ed to zase tak d\u016fle\u017eit\u00e9. Tento po\u010d\u00edta\u010d byste si do bytu d\u00e1t nemohli, proto\u017ee on s\u00e1m byl vlastn\u011b bytem.A to hnedlinko p\u011btipokojov\u00fdm. Technick\u00e9 parametry zde nem\u00e1 smysl rozeb\u00edrat, najdete je skoro v\u0161ude, tak si jen \u0159ekn\u011bme, \u017ee m\u011bl p\u0159\u00edkon 15 kWh a v\u00fdstupn\u00ed za\u0159\u00edzen\u00edm nebyl \u017e\u00e1dn\u00fd monitor, ale d\u011brova\u010dka \u0161t\u00edtk\u016f. Takov\u00fd podlouhl\u00fdch karti\u010dek, jist\u011b jste je n\u011bkde v u\u010debnici zahl\u00e9dli. U\u017e p\u0159i spu\u0161t\u011bn\u00ed byl zastaral\u00fd, ale p\u0159esto fungoval je\u0161t\u011b t\u0159i roky. Samoz\u0159ejm\u011b, \u017ee v Praze, a to na Loret\u00e1nsk\u00e9m n\u00e1m\u011bst\u00ed. Ne venku na n\u011bm p\u0159\u00edmo, v jedn\u00e9 z budov, tu\u0161\u00edm m\u011bla popisn\u00e9 \u010d\u00edslo t\u0159i. Tyto doby jsou ji\u017e d\u00e1vno pry\u010d. Nyn\u00ed si nos\u00edme po\u010d\u00edta\u010de v ta\u0161k\u00e1ch, ano ty notebooky na fotk\u00e1ch, nebo v kaps\u00e1ch. To znamen\u00e1 mobily. Maj\u00ed procesor, tud\u00ed\u017e jsou to mal\u00e9 po\u010d\u00edta\u010de. \u00a0                                                                                                                                                                                                                                                                                                                                                                                        3.6\/5 - (8 votes)        "},{"@context":"https:\/\/schema.org\/","@type":"BreadcrumbList","itemListElement":[{"@type":"ListItem","position":1,"name":"Prvn\u00ed po\u010d\u00edta\u010d","item":"https:\/\/www.emde.cz\/prvni-pocitac\/#breadcrumbitem"}]}]