[{"@context":"https:\/\/schema.org\/","@type":"Article","@id":"https:\/\/www.emde.cz\/sikovny-architekt\/#Article","mainEntityOfPage":"https:\/\/www.emde.cz\/sikovny-architekt\/","headline":"\u0160ikovn\u00fd architekt","name":"\u0160ikovn\u00fd architekt","description":"N\u011bkdy \u010dlov\u011bk jednozna\u010dn\u011b chce, aby to doma m\u011bl opravdu p\u011bkn\u00e9, aby to m\u011bl doma t\u0159eba i netradi\u010dn\u00ed. A pokud to doma chcete m\u00edt opravdu kr\u00e1sn\u00e9 a netradi\u010dn\u00ed, tak tak\u00e9 doporu\u010duji, abyste si t\u0159eba p\u0159i vzali na pomoc bytov\u00e9ho architekta. A pokud bydl\u00edte v Praze, tak tam zn\u00e1m opravdu mnoho kvalitn\u00edch bytov\u00fdch architekt\u016f z Prahy. Jsou [&hellip;]","datePublished":"2025-04-07","dateModified":"2025-04-07","author":{"@type":"Person","@id":"https:\/\/www.emde.cz\/author\/#Person","name":"","url":"https:\/\/www.emde.cz\/author\/","identifier":1,"image":{"@type":"ImageObject","@id":"https:\/\/secure.gravatar.com\/avatar\/f14f9548cfce1bfc4b3267434069a757db9568e455121a8852ede019c83b3b5e?s=96&d=mm&r=g","url":"https:\/\/secure.gravatar.com\/avatar\/f14f9548cfce1bfc4b3267434069a757db9568e455121a8852ede019c83b3b5e?s=96&d=mm&r=g","height":96,"width":96}},"publisher":{"@type":"Organization","name":"emde.cz","logo":{"@type":"ImageObject","@id":"\/logo.png","url":"\/logo.png","width":600,"height":60}},"image":{"@type":"ImageObject","@id":"https:\/\/www.emde.cz\/wp-content\/uploads\/sketchbook-455698_640.jpg","url":"https:\/\/www.emde.cz\/wp-content\/uploads\/sketchbook-455698_640.jpg","height":0,"width":0},"url":"https:\/\/www.emde.cz\/sikovny-architekt\/","about":["Ekonomika"],"wordCount":426,"articleBody":"   N\u011bkdy \u010dlov\u011bk jednozna\u010dn\u011b chce, aby to doma m\u011bl opravdu p\u011bkn\u00e9, aby to m\u011bl doma t\u0159eba i netradi\u010dn\u00ed. A pokud to doma chcete m\u00edt opravdu kr\u00e1sn\u00e9 a netradi\u010dn\u00ed, tak tak\u00e9 doporu\u010duji, abyste si t\u0159eba p\u0159i vzali na pomoc bytov\u00e9ho architekta. A pokud bydl\u00edte v Praze, tak tam zn\u00e1m opravdu mnoho kvalitn\u00edch bytov\u00fdch architekt\u016f z Prahy. Jsou to pra\u0161t\u00ed bytov\u00ed architekti, kte\u0159\u00ed jsou opravdu hodn\u011b \u0161ikovn\u00ed a maj\u00ed tak\u00e9 mnohaletou zku\u0161enost. Samoz\u0159ejm\u011b, \u017ee si za to p\u0159iplat\u00edte, proto\u017ee \u010d\u00edm kvalitn\u011bj\u0161\u00ed anebo vyhled\u00e1van\u011bj\u0161\u00ed bytov\u00fd architekt z Prahy, tak samoz\u0159ejm\u011b, \u017ee to bude st\u00e1t i v\u00edce pen\u011bz. Ale nebojte se, opravdu to stoj\u00ed za to. Bytov\u00fd architekt z Prahy je velmi \u0161ikovn\u00fd. J\u00e1 jsem tak\u00e9 u sebe doma u n\u00e1s ve velk\u00e9m dom\u011b m\u011bla bytov\u00e9ho architekta z Prahy. Cht\u011bla jsem to u\u017e ud\u011blat d\u00e1vno, ale musela jsem si taky na\u0161et\u0159it n\u011bjak\u00e9 pen\u00edze bokem. Cht\u011bla jsi b\u00fdt opravdu \u0161pi\u010dkov\u00e9ho bytov\u00e9ho architekta z Prahy, proto\u017ee jsme m\u011bli \u00fapln\u011b nov\u00fd d\u016fm a mysl\u00edm si, \u017ee kdy\u017e t\u0159eba jenom dvakr\u00e1t za \u017eivot si zavol\u00e1te bytov\u00e9ho architekta z Prahy k v\u00e1m dom\u016f, aby v\u00e1m to ud\u011blalo opravdu perfektn\u00ed anebo \u00fapln\u011b nov\u011b rekonstruoval a ud\u011bl\u00e1 v\u00e1m nov\u00fd interi\u00e9r. Tak samoz\u0159ejm\u011b, \u017ee se v\u00e1m to vyplat\u00ed vy alespo\u0148 takhle budete v\u011bd\u011bt, co v\u00e1s \u010dek\u00e1.J\u00e1 jsem toti\u017e cht\u011bla v\u0161echno sladit minimalisticky do b\u00e9\u017eov\u00e9, b\u00edl\u00e9 a takov\u00e9 tmav\u011b b\u00e9\u017eov\u00e9 barvy. Cht\u011bla jsem tam m\u00edt takov\u00e9 t\u0159i barvy, proto\u017ee jedna nebo dv\u011b barvy jsou nuda, ale kdy\u017e tam m\u00e1te takhle v\u00edce barev, kter\u00e9 k sob\u011b lad\u00ed a jsou p\u0159\u00edzemn\u00ed a p\u0159\u00edrodn\u00ed, tak to vypad\u00e1 opravdu kr\u00e1sn\u011b \u010dist\u011b a minimalisticky. J\u00e1 nem\u00e1m r\u00e1da, kdy\u017e je t\u0159eba n\u011bjak\u00fd interi\u00e9r anebo i exteri\u00e9ru jako p\u0159epl\u00e1can\u00fd, a kdy\u017e to nen\u00ed minimalistick\u00e9. Minimalismus je moje druh\u00e9 jm\u00e9no a pokud i vy st\u00e1le nev\u00edte jak\u00e9ho bytov\u00e9ho architekta z Prahy si najmout anebo sehnat, tak samoz\u0159ejm\u011b na internetu najdete mnoho odkaz\u016f a tip\u016f, kde sehnat nejlep\u0161\u00edho bytov\u00e9ho architekta z Prahy, kter\u00fd v\u00e1m ud\u011bl\u00e1 t\u00e9m\u011b\u0159 to v\u0161echno, co v\u00e1m na o\u010d\u00edch uvid\u00ed.                                                                                                                                                                                                                                                                                                                                                                                           3.9\/5 - (7 votes)        "},{"@context":"https:\/\/schema.org\/","@type":"BreadcrumbList","itemListElement":[{"@type":"ListItem","position":1,"name":"\u0160ikovn\u00fd architekt","item":"https:\/\/www.emde.cz\/sikovny-architekt\/#breadcrumbitem"}]}]