[{"@context":"https:\/\/schema.org\/","@type":"Article","@id":"https:\/\/www.emde.cz\/skvela-dovolena-na-odpocinek\/#Article","mainEntityOfPage":"https:\/\/www.emde.cz\/skvela-dovolena-na-odpocinek\/","headline":"Skv\u011bl\u00e1 dovolen\u00e1 na odpo\u010dinek","name":"Skv\u011bl\u00e1 dovolen\u00e1 na odpo\u010dinek","description":"Pro m&Auml;&#8250;&Acirc;&nbsp;dovolen&Atilde;&iexcl;&Acirc;&nbsp;znamen&Atilde;&iexcl; opravdu hodn&Auml;&#8250;. J&Atilde;&iexcl; sama si opravdu nedok&Atilde;&iexcl;&Aring;&frac34;i&Acirc;&nbsp;p&Aring;&#8482;edstavit, kdybych&Acirc;&nbsp;musela pracovat p&Aring;&macr;l roku, ani&Aring;&frac34; bych t&Aring;&#8482;eba m&Auml;&#8250;la n&Auml;&#8250;jakou dovolenou a nebo n&Auml;&#8250;jakou p&Aring;&#8482;est&Atilde;&iexcl;vku. Ur&Auml;it&Auml;&#8250; by to pro m&Auml;&#8250; bylo hodn&Auml;&#8250; vy&Auml;erp&Atilde;&iexcl;vaj&Atilde;&shy;c&Atilde;&shy; a &Aring;&#8482;ekla bych si, &Aring;&frac34;e bych asi nejrad&Aring;&iexcl;i m&Auml;&#8250;la syndrom vyho&Aring;&#8482;en&Atilde;&shy;. A mo&Aring;&frac34;n&Atilde;&iexcl; bych si to ani nemusela p&Aring;&#8482;&Atilde;&iexcl;t, proto&Aring;&frac34;e p&Aring;&#8482;edpokl&Atilde;&iexcl;d&Atilde;&iexcl;m, &Aring;&frac34;e kdyby n&Auml;&#8250;kdo [&hellip;]","datePublished":"2022-12-30","dateModified":"2023-11-30","author":{"@type":"Person","@id":"https:\/\/www.emde.cz\/author\/#Person","name":"","url":"https:\/\/www.emde.cz\/author\/","identifier":1,"image":{"@type":"ImageObject","@id":"https:\/\/secure.gravatar.com\/avatar\/f14f9548cfce1bfc4b3267434069a757db9568e455121a8852ede019c83b3b5e?s=96&d=mm&r=g","url":"https:\/\/secure.gravatar.com\/avatar\/f14f9548cfce1bfc4b3267434069a757db9568e455121a8852ede019c83b3b5e?s=96&d=mm&r=g","height":96,"width":96}},"publisher":{"@type":"Organization","name":"emde.cz","logo":{"@type":"ImageObject","@id":"\/logo.png","url":"\/logo.png","width":600,"height":60}},"image":{"@type":"ImageObject","@id":"https:\/\/www.emde.cz\/wp-content\/uploads\/petra-6294051_1280.jpg","url":"https:\/\/www.emde.cz\/wp-content\/uploads\/petra-6294051_1280.jpg","height":0,"width":0},"url":"https:\/\/www.emde.cz\/skvela-dovolena-na-odpocinek\/","about":["Dovolen\u00e1"],"wordCount":838,"articleBody":"Pro m&Auml;&#8250;&Acirc;&nbsp;dovolen&Atilde;&iexcl;&Acirc;&nbsp;znamen&Atilde;&iexcl; opravdu hodn&Auml;&#8250;. J&Atilde;&iexcl; sama si opravdu nedok&Atilde;&iexcl;&Aring;&frac34;i&Acirc;&nbsp;p&Aring;&#8482;edstavit, kdybych&Acirc;&nbsp;musela pracovat p&Aring;&macr;l roku, ani&Aring;&frac34; bych t&Aring;&#8482;eba m&Auml;&#8250;la n&Auml;&#8250;jakou dovolenou a nebo n&Auml;&#8250;jakou p&Aring;&#8482;est&Atilde;&iexcl;vku. Ur&Auml;it&Auml;&#8250; by to pro m&Auml;&#8250; bylo hodn&Auml;&#8250; vy&Auml;erp&Atilde;&iexcl;vaj&Atilde;&shy;c&Atilde;&shy; a &Aring;&#8482;ekla bych si, &Aring;&frac34;e bych asi nejrad&Aring;&iexcl;i m&Auml;&#8250;la syndrom vyho&Aring;&#8482;en&Atilde;&shy;. A mo&Aring;&frac34;n&Atilde;&iexcl; bych si to ani nemusela p&Aring;&#8482;&Atilde;&iexcl;t, proto&Aring;&frac34;e p&Aring;&#8482;edpokl&Atilde;&iexcl;d&Atilde;&iexcl;m, &Aring;&frac34;e kdyby n&Auml;&#8250;kdo pracoval opravdu p&Aring;&macr;l roku v kuse,&Acirc;&nbsp;nem&Auml;&#8250;l by ani den volna, &Aring;&frac34;e by stejn&Auml;&#8250; ten syndrom vyho&Aring;&#8482;en&Atilde;&shy; m&Auml;&#8250;l. A&Acirc;&nbsp;v&Auml;&#8250;&Aring;&#8482;te mi, m&Atilde;&shy;t syndrom vyho&Aring;&#8482;en&Atilde;&shy; nen&Atilde;&shy; opravdu &Aring;&frac34;&Atilde;&iexcl;dn&Atilde;&frac12; med. Nen&Atilde;&shy; to &Aring;&frac34;&Atilde;&iexcl;dn&Atilde;&iexcl;&Acirc;&nbsp;sranda a tak&Atilde;&copy; si hlavn&Auml;&#8250; nemyslete, &Aring;&frac34;e syndrom vyho&Aring;&#8482;en&Atilde;&shy; vyl&Atilde;&copy;&Auml;&Atilde;&shy;te za p&Atilde;&iexcl;r dn&Atilde;&shy; a nebo za p&Atilde;&iexcl;r t&Atilde;&frac12;dn&Aring;&macr;.Proto&Aring;&frac34;e moje kamar&Atilde;&iexcl;dka&Acirc;&nbsp;m&Auml;&#8250;la tak&Atilde;&copy; syndrom vyho&Aring;&#8482;en&Atilde;&shy; a &Aring;&#8482;eknu v&Atilde;&iexcl;m, &Aring;&frac34;e z toho byla dva&Acirc;&nbsp;nebo t&Aring;&#8482;i&Acirc;&nbsp;m&Auml;&#8250;s&Atilde;&shy;ce&Acirc;&nbsp;opravdu ne&Aring;&iexcl;&Aring;&yen;astn&Atilde;&iexcl;. Sama mi potom &Aring;&#8482;&Atilde;&shy;kala, &Aring;&frac34;e u&Aring;&frac34; v &Aring;&frac34;ivot&Auml;&#8250; do &Aring;&frac34;&Atilde;&iexcl;dn&Atilde;&copy; pr&Atilde;&iexcl;ce nep&Aring;&macr;jde, proto&Aring;&frac34;e je to velice stresuj&Atilde;&shy;c&Atilde;&shy; a boj&Atilde;&shy; se, &Aring;&frac34;e by t&Aring;&#8482;eba z toho m&Auml;&#8250;la n&Auml;&#8250;jak&Atilde;&copy; psychick&Atilde;&copy; probl&Atilde;&copy;my. Dokonce se b&Atilde;&iexcl;la, &Aring;&frac34;e bude m&Atilde;&shy;t tak&Atilde;&copy; potom fyzick&Atilde;&copy; probl&Atilde;&copy;my, &Aring;&frac34;e t&Aring;&#8482;eba dostane infarkt a podobn&Auml;&#8250;. Mysl&Atilde;&shy;m si, &Aring;&frac34;e moje kamar&Atilde;&iexcl;dka m&Atilde;&iexcl; pravdu. Je logick&Atilde;&copy;, &Aring;&frac34;e p&Aring;&#8482;eci kv&Aring;&macr;li zam&Auml;&#8250;stn&Atilde;&iexcl;n&Atilde;&shy;,&Acirc;&nbsp;kv&Aring;&macr;li n&Auml;&#8250;jak&Atilde;&copy; pr&Atilde;&iexcl;ci si neodrovn&Atilde;&iexcl;&Acirc;&nbsp;t&Auml;&#8250;lo a tak&Atilde;&copy; psychiku. Co&Aring;&frac34; o to, t&Auml;&#8250;lo se n&Auml;&#8250;jak z toho zregeneruje, t&Aring;&#8482;eba za p&Atilde;&iexcl;r dn&Atilde;&shy;, ale t&Aring;&#8482;eba nap&Aring;&#8482;&Atilde;&shy;klad poru&Aring;&iexcl;en&Atilde;&iexcl; psychika je opravdu hor&Aring;&iexcl;&Atilde;&shy;.A&Acirc;&nbsp;j&Atilde;&iexcl; si mysl&Atilde;&shy;m, &Aring;&frac34;e potom l&Atilde;&copy;&Auml;ba m&Atilde;&iexcl; opravdu hodn&Auml;&#8250; dlouh&Atilde;&copy; trv&Atilde;&iexcl;n&Atilde;&shy;. Je opravdu &Aring;&iexcl;koda, kdyby lid&Atilde;&copy; t&Aring;&#8482;eba na to ka&Aring;&iexcl;lali a &Aring;&#8482;ekli si, &Aring;&frac34;e rad&Auml;&#8250;ji budou m&Atilde;&shy;t pen&Atilde;&shy;ze a rad&Auml;&#8250;ji budou chodit do pr&Atilde;&iexcl;ce, i kdy&Aring;&frac34; je to nebav&Atilde;&shy;&Acirc;&nbsp;a nebo kdy&Aring;&frac34; je to stresuje. V&Auml;&#8250;&Aring;&#8482;te mi, &Aring;&frac34;e pen&Atilde;&shy;ze za va&Aring;&iexcl;e zdrav&Atilde;&shy; rozhodn&Auml;&#8250; nestoj&Atilde;&shy;. Stejn&Auml;&#8250;, kdy&Aring;&frac34; potom budete nemocn&Atilde;&shy; a budete psychicky vy&Auml;erpan&Atilde;&shy;, tak stejn&Auml;&#8250; nebudete v pr&Atilde;&iexcl;ci, ale tak&Atilde;&copy; p&Aring;&#8482;ijdete o pen&Atilde;&shy;ze, tak si to rad&Auml;&#8250;ji rozmyslete. Dovolen&Atilde;&iexcl; je d&Aring;&macr;le&Aring;&frac34;it&Atilde;&iexcl;. A pokud si mysl&Atilde;&shy;te, &Aring;&frac34;e dovolen&Atilde;&iexcl; nen&Atilde;&shy; v&Aring;&macr;bec d&Aring;&macr;le&Aring;&frac34;it&Atilde;&iexcl;, tak se samoz&Aring;&#8482;ejm&Auml;&#8250; pletete. Ka&Aring;&frac34;d&Atilde;&frac12; l&Atilde;&copy;ka&Aring;&#8482; a tak&Atilde;&copy; ka&Aring;&frac34;d&Atilde;&frac12; psycholog v&Atilde;&iexcl;m potvrd&Atilde;&shy;, &Aring;&frac34;e dovolenou nebo odpo&Auml;inek pot&Aring;&#8482;ebuje opravdu ka&Aring;&frac34;d&Atilde;&frac12;.&Acirc;&nbsp;                                                                                                                                                                                                                                                                                                                                                                                        4.7\/5 - (4 votes)        "},{"@context":"https:\/\/schema.org\/","@type":"BreadcrumbList","itemListElement":[{"@type":"ListItem","position":1,"name":"Skv\u011bl\u00e1 dovolen\u00e1 na odpo\u010dinek","item":"https:\/\/www.emde.cz\/skvela-dovolena-na-odpocinek\/#breadcrumbitem"}]}]